{"id":55,"date":"2023-09-01T11:27:02","date_gmt":"2023-09-01T09:27:02","guid":{"rendered":"https:\/\/larchicarabus.com\/?p=55"},"modified":"2023-09-14T11:40:43","modified_gmt":"2023-09-14T09:40:43","slug":"retours-sur-le-projet-arthe","status":"publish","type":"post","link":"https:\/\/larchicarabus.com\/index.php\/2023\/09\/01\/retours-sur-le-projet-arthe\/","title":{"rendered":"Retours sur le projet Arth\u00e9"},"content":{"rendered":"\n<p class=\"has-custom-vert-color has-text-color\"><strong>Cycle d&rsquo;ateliers de construction aupr\u00e8s d&rsquo;enfants en ITEP, sur le th\u00e8me de la cabane d&rsquo;enfant comme visualisation de la limite entre soi et l&rsquo;ext\u00e9rieur<\/strong><\/p>\n\n\n\n<p>Expression libre par le dessin, la r\u00e9alisation de petites maquettes et la mise en \u0153uvre grandeur nature de sa propre cabane.<br>Apport de notions th\u00e9oriques sur l&rsquo;architecture vernaculaire.<br>Constructions r\u00e9alis\u00e9es sur site, en plein air, avec des mat\u00e9riaux naturels (terre, sable, paille, v\u00e9g\u00e9taux\u2026) fournis par l&rsquo;association et glan\u00e9s dans la nature avec les enfants.<\/p>\n\n\n\n<figure class=\"wp-block-gallery has-nested-images columns-default is-cropped wp-block-gallery-1 is-layout-flex wp-block-gallery-is-layout-flex\">\n<figure class=\"wp-block-image size-large\"><img loading=\"lazy\" decoding=\"async\" width=\"270\" height=\"359\" data-id=\"64\" src=\"https:\/\/larchicarabus.com\/wp-content\/uploads\/2023\/09\/Image1-edited.jpg\" alt=\"\" class=\"wp-image-64\" srcset=\"https:\/\/larchicarabus.com\/wp-content\/uploads\/2023\/09\/Image1-edited.jpg 270w, https:\/\/larchicarabus.com\/wp-content\/uploads\/2023\/09\/Image1-edited-226x300.jpg 226w\" sizes=\"auto, (max-width: 270px) 100vw, 270px\" \/><\/figure>\n\n\n\n<figure class=\"wp-block-image size-large\"><img loading=\"lazy\" decoding=\"async\" width=\"534\" height=\"534\" data-id=\"63\" src=\"https:\/\/larchicarabus.com\/wp-content\/uploads\/2023\/09\/Image2-edited-1.jpg\" alt=\"\" class=\"wp-image-63\" srcset=\"https:\/\/larchicarabus.com\/wp-content\/uploads\/2023\/09\/Image2-edited-1.jpg 534w, https:\/\/larchicarabus.com\/wp-content\/uploads\/2023\/09\/Image2-edited-1-300x300.jpg 300w, https:\/\/larchicarabus.com\/wp-content\/uploads\/2023\/09\/Image2-edited-1-150x150.jpg 150w\" sizes=\"auto, (max-width: 534px) 100vw, 534px\" \/><\/figure>\n\n\n\n<figure class=\"wp-block-image size-large is-style-default\"><img loading=\"lazy\" decoding=\"async\" width=\"496\" height=\"660\" data-id=\"61\" src=\"https:\/\/larchicarabus.com\/wp-content\/uploads\/2023\/09\/Image3-edited.jpg\" alt=\"\" class=\"wp-image-61\" srcset=\"https:\/\/larchicarabus.com\/wp-content\/uploads\/2023\/09\/Image3-edited.jpg 496w, https:\/\/larchicarabus.com\/wp-content\/uploads\/2023\/09\/Image3-edited-225x300.jpg 225w\" sizes=\"auto, (max-width: 496px) 100vw, 496px\" \/><\/figure>\n\n\n\n<figure class=\"wp-block-image size-large\"><img loading=\"lazy\" decoding=\"async\" width=\"810\" height=\"540\" data-id=\"60\" src=\"https:\/\/larchicarabus.com\/wp-content\/uploads\/2023\/09\/Image4-edited.jpg\" alt=\"\" class=\"wp-image-60\" srcset=\"https:\/\/larchicarabus.com\/wp-content\/uploads\/2023\/09\/Image4-edited.jpg 810w, https:\/\/larchicarabus.com\/wp-content\/uploads\/2023\/09\/Image4-edited-300x200.jpg 300w, https:\/\/larchicarabus.com\/wp-content\/uploads\/2023\/09\/Image4-edited-768x512.jpg 768w\" sizes=\"auto, (max-width: 810px) 100vw, 810px\" \/><\/figure>\n<\/figure>\n","protected":false},"excerpt":{"rendered":"<p>Cycle d&rsquo;ateliers de construction aupr\u00e8s d&rsquo;enfants en ITEP, sur le th\u00e8me de la cabane d&rsquo;enfant comme visualisation de la limite entre soi et l&rsquo;ext\u00e9rieur Expression libre par le dessin, la [&hellip;]<\/p>\n","protected":false},"author":1,"featured_media":63,"comment_status":"open","ping_status":"open","sticky":false,"template":"","format":"standard","meta":{"_EventAllDay":false,"_EventTimezone":"","_EventStartDate":"","_EventEndDate":"","_EventStartDateUTC":"","_EventEndDateUTC":"","_EventShowMap":false,"_EventShowMapLink":false,"_EventURL":"","_EventCost":"","_EventCostDescription":"","_EventCurrencySymbol":"","_EventCurrencyCode":"","_EventCurrencyPosition":"","_EventDateTimeSeparator":"","_EventTimeRangeSeparator":"","_EventOrganizerID":[],"_EventVenueID":[],"_OrganizerEmail":"","_OrganizerPhone":"","_OrganizerWebsite":"","_VenueAddress":"","_VenueCity":"","_VenueCountry":"","_VenueProvince":"","_VenueState":"","_VenueZip":"","_VenuePhone":"","_VenueURL":"","_VenueStateProvince":"","_VenueLat":"","_VenueLng":"","_VenueShowMap":false,"_VenueShowMapLink":false,"footnotes":""},"categories":[7],"tags":[],"class_list":["post-55","post","type-post","status-publish","format-standard","has-post-thumbnail","hentry","category-scolaires"],"_links":{"self":[{"href":"https:\/\/larchicarabus.com\/index.php\/wp-json\/wp\/v2\/posts\/55","targetHints":{"allow":["GET"]}}],"collection":[{"href":"https:\/\/larchicarabus.com\/index.php\/wp-json\/wp\/v2\/posts"}],"about":[{"href":"https:\/\/larchicarabus.com\/index.php\/wp-json\/wp\/v2\/types\/post"}],"author":[{"embeddable":true,"href":"https:\/\/larchicarabus.com\/index.php\/wp-json\/wp\/v2\/users\/1"}],"replies":[{"embeddable":true,"href":"https:\/\/larchicarabus.com\/index.php\/wp-json\/wp\/v2\/comments?post=55"}],"version-history":[{"count":1,"href":"https:\/\/larchicarabus.com\/index.php\/wp-json\/wp\/v2\/posts\/55\/revisions"}],"predecessor-version":[{"id":65,"href":"https:\/\/larchicarabus.com\/index.php\/wp-json\/wp\/v2\/posts\/55\/revisions\/65"}],"wp:featuredmedia":[{"embeddable":true,"href":"https:\/\/larchicarabus.com\/index.php\/wp-json\/wp\/v2\/media\/63"}],"wp:attachment":[{"href":"https:\/\/larchicarabus.com\/index.php\/wp-json\/wp\/v2\/media?parent=55"}],"wp:term":[{"taxonomy":"category","embeddable":true,"href":"https:\/\/larchicarabus.com\/index.php\/wp-json\/wp\/v2\/categories?post=55"},{"taxonomy":"post_tag","embeddable":true,"href":"https:\/\/larchicarabus.com\/index.php\/wp-json\/wp\/v2\/tags?post=55"}],"curies":[{"name":"wp","href":"https:\/\/api.w.org\/{rel}","templated":true}]}}