{"id":105,"date":"2023-04-05T15:44:49","date_gmt":"2023-04-05T13:44:49","guid":{"rendered":"https:\/\/larchicarabus.com\/?p=105"},"modified":"2023-09-14T15:51:09","modified_gmt":"2023-09-14T13:51:09","slug":"atelier-habiter-le-monde","status":"publish","type":"post","link":"https:\/\/larchicarabus.com\/index.php\/2023\/04\/05\/atelier-habiter-le-monde\/","title":{"rendered":"Atelier \u00ab\u00a0Habiter le Monde\u00a0\u00bb"},"content":{"rendered":"\n<p class=\"has-custom-vert-color has-text-color\"><strong>M\u00e9diath\u00e8que<\/strong> &#8211; Atelier cr\u00e9\u00e9 dans le cadre d&rsquo;une animation pour les Petits D\u00e9brouillards Occitanie \u00e0 la M\u00e9diath\u00e8que d&rsquo;Elne<\/p>\n\n\n\n<p>Panorama des habitations du P\u00f4le Nord \u00e0 l\u2019Amazonie, des Andes \u00e0 l\u2019Asie. Jeu collaboratif sur l\u2019architecture vernaculaire tout autour de la plan\u00e8te.<\/p>\n\n\n\n<p><br>Parler de son chez-soi, de son cadre de vie, prendre conscience des diff\u00e9rences et des similitudes,regarder ce qui se construit \u00e0 c\u00f4t\u00e9, dans le village voisin, dans le pays d\u2019\u00e0 c\u00f4t\u00e9 ou \u00e0 l\u2019autre bout du monde.<\/p>\n\n\n\n<p><br>Aborder les notions de changement climatique et d\u2019adaptation des constructions aux risques naturels (inondations, incendies, s\u00e9cheresses, \u2026) \u00e0 l\u2019aide d\u2019exp\u00e9riences ludiques et de jeux collaboratifs<\/p>\n\n\n\n<figure class=\"wp-block-gallery has-nested-images columns-default is-cropped wp-block-gallery-1 is-layout-flex wp-block-gallery-is-layout-flex\">\n<figure class=\"wp-block-image size-large\"><img loading=\"lazy\" decoding=\"async\" width=\"1024\" height=\"811\" data-id=\"108\" src=\"https:\/\/larchicarabus.com\/wp-content\/uploads\/2023\/09\/IMG_20230125_161649-1024x811.jpg\" alt=\"\" class=\"wp-image-108\" srcset=\"https:\/\/larchicarabus.com\/wp-content\/uploads\/2023\/09\/IMG_20230125_161649-1024x811.jpg 1024w, https:\/\/larchicarabus.com\/wp-content\/uploads\/2023\/09\/IMG_20230125_161649-300x238.jpg 300w, https:\/\/larchicarabus.com\/wp-content\/uploads\/2023\/09\/IMG_20230125_161649-768x608.jpg 768w, https:\/\/larchicarabus.com\/wp-content\/uploads\/2023\/09\/IMG_20230125_161649-1536x1216.jpg 1536w, https:\/\/larchicarabus.com\/wp-content\/uploads\/2023\/09\/IMG_20230125_161649-2048x1622.jpg 2048w\" sizes=\"auto, (max-width: 1024px) 100vw, 1024px\" \/><\/figure>\n\n\n\n<figure class=\"wp-block-image size-large\"><img loading=\"lazy\" decoding=\"async\" width=\"921\" height=\"1024\" data-id=\"109\" src=\"https:\/\/larchicarabus.com\/wp-content\/uploads\/2023\/09\/IMG_20230125_165522-921x1024.jpg\" alt=\"\" class=\"wp-image-109\" srcset=\"https:\/\/larchicarabus.com\/wp-content\/uploads\/2023\/09\/IMG_20230125_165522-921x1024.jpg 921w, https:\/\/larchicarabus.com\/wp-content\/uploads\/2023\/09\/IMG_20230125_165522-270x300.jpg 270w, https:\/\/larchicarabus.com\/wp-content\/uploads\/2023\/09\/IMG_20230125_165522-768x854.jpg 768w, https:\/\/larchicarabus.com\/wp-content\/uploads\/2023\/09\/IMG_20230125_165522-1381x1536.jpg 1381w, https:\/\/larchicarabus.com\/wp-content\/uploads\/2023\/09\/IMG_20230125_165522-1842x2048.jpg 1842w\" sizes=\"auto, (max-width: 921px) 100vw, 921px\" \/><\/figure>\n\n\n\n<figure class=\"wp-block-image size-large\"><img loading=\"lazy\" decoding=\"async\" width=\"1024\" height=\"777\" data-id=\"110\" src=\"https:\/\/larchicarabus.com\/wp-content\/uploads\/2023\/09\/IMG_20230125_161658-1024x777.jpg\" alt=\"\" class=\"wp-image-110\" srcset=\"https:\/\/larchicarabus.com\/wp-content\/uploads\/2023\/09\/IMG_20230125_161658-1024x777.jpg 1024w, https:\/\/larchicarabus.com\/wp-content\/uploads\/2023\/09\/IMG_20230125_161658-300x228.jpg 300w, https:\/\/larchicarabus.com\/wp-content\/uploads\/2023\/09\/IMG_20230125_161658-768x583.jpg 768w, https:\/\/larchicarabus.com\/wp-content\/uploads\/2023\/09\/IMG_20230125_161658-1536x1166.jpg 1536w, https:\/\/larchicarabus.com\/wp-content\/uploads\/2023\/09\/IMG_20230125_161658-2048x1555.jpg 2048w\" sizes=\"auto, (max-width: 1024px) 100vw, 1024px\" \/><\/figure>\n\n\n\n<figure class=\"wp-block-image size-large\"><img loading=\"lazy\" decoding=\"async\" width=\"1024\" height=\"769\" data-id=\"111\" src=\"https:\/\/larchicarabus.com\/wp-content\/uploads\/2023\/09\/IMG_20230125_163909-1024x769.jpg\" alt=\"\" class=\"wp-image-111\" srcset=\"https:\/\/larchicarabus.com\/wp-content\/uploads\/2023\/09\/IMG_20230125_163909-1024x769.jpg 1024w, https:\/\/larchicarabus.com\/wp-content\/uploads\/2023\/09\/IMG_20230125_163909-300x225.jpg 300w, https:\/\/larchicarabus.com\/wp-content\/uploads\/2023\/09\/IMG_20230125_163909-768x577.jpg 768w, https:\/\/larchicarabus.com\/wp-content\/uploads\/2023\/09\/IMG_20230125_163909-1536x1153.jpg 1536w, https:\/\/larchicarabus.com\/wp-content\/uploads\/2023\/09\/IMG_20230125_163909-2048x1538.jpg 2048w\" sizes=\"auto, (max-width: 1024px) 100vw, 1024px\" \/><\/figure>\n<\/figure>\n","protected":false},"excerpt":{"rendered":"<p>M\u00e9diath\u00e8que &#8211; Atelier cr\u00e9\u00e9 dans le cadre d&rsquo;une animation pour les Petits D\u00e9brouillards Occitanie \u00e0 la M\u00e9diath\u00e8que d&rsquo;Elne Panorama des habitations du P\u00f4le Nord \u00e0 l\u2019Amazonie, des Andes \u00e0 l\u2019Asie. [&hellip;]<\/p>\n","protected":false},"author":1,"featured_media":112,"comment_status":"open","ping_status":"open","sticky":false,"template":"","format":"standard","meta":{"_EventAllDay":false,"_EventTimezone":"","_EventStartDate":"","_EventEndDate":"","_EventStartDateUTC":"","_EventEndDateUTC":"","_EventShowMap":false,"_EventShowMapLink":false,"_EventURL":"","_EventCost":"","_EventCostDescription":"","_EventCurrencySymbol":"","_EventCurrencyCode":"","_EventCurrencyPosition":"","_EventDateTimeSeparator":"","_EventTimeRangeSeparator":"","_EventOrganizerID":[],"_EventVenueID":[],"_OrganizerEmail":"","_OrganizerPhone":"","_OrganizerWebsite":"","_VenueAddress":"","_VenueCity":"","_VenueCountry":"","_VenueProvince":"","_VenueState":"","_VenueZip":"","_VenuePhone":"","_VenueURL":"","_VenueStateProvince":"","_VenueLat":"","_VenueLng":"","_VenueShowMap":false,"_VenueShowMapLink":false,"footnotes":""},"categories":[14,11,8],"tags":[],"class_list":["post-105","post","type-post","status-publish","format-standard","has-post-thumbnail","hentry","category-enfants","category-familles","category-mediatheques"],"_links":{"self":[{"href":"https:\/\/larchicarabus.com\/index.php\/wp-json\/wp\/v2\/posts\/105","targetHints":{"allow":["GET"]}}],"collection":[{"href":"https:\/\/larchicarabus.com\/index.php\/wp-json\/wp\/v2\/posts"}],"about":[{"href":"https:\/\/larchicarabus.com\/index.php\/wp-json\/wp\/v2\/types\/post"}],"author":[{"embeddable":true,"href":"https:\/\/larchicarabus.com\/index.php\/wp-json\/wp\/v2\/users\/1"}],"replies":[{"embeddable":true,"href":"https:\/\/larchicarabus.com\/index.php\/wp-json\/wp\/v2\/comments?post=105"}],"version-history":[{"count":2,"href":"https:\/\/larchicarabus.com\/index.php\/wp-json\/wp\/v2\/posts\/105\/revisions"}],"predecessor-version":[{"id":113,"href":"https:\/\/larchicarabus.com\/index.php\/wp-json\/wp\/v2\/posts\/105\/revisions\/113"}],"wp:featuredmedia":[{"embeddable":true,"href":"https:\/\/larchicarabus.com\/index.php\/wp-json\/wp\/v2\/media\/112"}],"wp:attachment":[{"href":"https:\/\/larchicarabus.com\/index.php\/wp-json\/wp\/v2\/media?parent=105"}],"wp:term":[{"taxonomy":"category","embeddable":true,"href":"https:\/\/larchicarabus.com\/index.php\/wp-json\/wp\/v2\/categories?post=105"},{"taxonomy":"post_tag","embeddable":true,"href":"https:\/\/larchicarabus.com\/index.php\/wp-json\/wp\/v2\/tags?post=105"}],"curies":[{"name":"wp","href":"https:\/\/api.w.org\/{rel}","templated":true}]}}